{"id":8814,"date":"2025-05-30T07:57:16","date_gmt":"2025-05-30T07:57:16","guid":{"rendered":"https:\/\/www.la-costa.it\/?p=8814"},"modified":"2025-06-18T14:16:00","modified_gmt":"2025-06-18T14:16:00","slug":"eventi-soggiorni-aziendali","status":"publish","type":"post","link":"https:\/\/www.la-costa.it\/en\/eventi-soggiorni-aziendali\/","title":{"rendered":"La Costa per le aziende"},"content":{"rendered":"<p class=\"wp-block-paragraph\"><\/p>\n\n\n\n<p class=\"wp-block-paragraph\">Nel cuore delle colline della Brianza, immerso nel Parco di Montevecchia e della Valle del Curone, <strong>l\u2019Agriturismo La Costa<\/strong> non \u00e8 solo una meta per chi cerca relax e buon cibo: \u00e8 anche il luogo ideale per aziende che desiderano <strong>organizzare soggiorni e attivit\u00e0 fuori dagli uffici<\/strong> in un contesto all\u2019insegna della natura, dove condividere momenti insieme e valorizzare la coesione tra i membri del proprio staff.<br><\/p>\n\n\n\n<div class=\"wp-block-columns is-layout-flex wp-container-core-columns-is-layout-8f761849 wp-block-columns-is-layout-flex\">\n<div class=\"wp-block-column is-layout-flow wp-block-column-is-layout-flow\" style=\"flex-basis:33.33%\">\n<figure class=\"wp-block-image size-large\"><img loading=\"lazy\" decoding=\"async\" width=\"871\" height=\"1024\" src=\"https:\/\/www.la-costa.it\/wp-content\/uploads\/2025\/05\/APP-VIOLAMAMMOLA-20220609_CostaGalbuseraNera_GZANON_1500_3575-871x1024.jpg\" alt=\"\" class=\"wp-image-8816\"\/><\/figure>\n<\/div>\n\n\n\n<div class=\"wp-block-column is-layout-flow wp-block-column-is-layout-flow\" style=\"flex-basis:66.66%\">\n<h4 class=\"wp-block-heading\"><strong>Team building e soggiorni aziendali<\/strong><\/h4>\n\n\n\n<p class=\"wp-block-paragraph\">Gli Alloggi dell\u2019Agriturismo La Costa offrono ospitalit\u00e0 in un ambiente autentico e accogliente, perfetto per rafforzare i legami tra colleghi lontano dalle distrazioni dell\u2019abituale ambiente lavorativo. Le aziende possono prenotare <strong>soggiorni con prima colazione per il proprio team<\/strong> nelle nostre camere e appartamenti, combinando momenti di lavoro ad esperienze di benessere e svago.<\/p>\n\n\n\n<p class=\"wp-block-paragraph\">Le <strong>attivit\u00e0<\/strong> <strong>di team building<\/strong> a cui potrete accedere sono molteplici: dalle visite guidate nei nostri vigneti con degustazione dei vini La Costa, alla possibilit\u00e0 di passeggiate ed escursioni nel Parco.<\/p>\n<\/div>\n<\/div>\n\n\n\n<p class=\"wp-block-paragraph\"><\/p>\n\n\n\n<div class=\"wp-block-columns is-layout-flex wp-container-core-columns-is-layout-8f761849 wp-block-columns-is-layout-flex\">\n<div class=\"wp-block-column is-layout-flow wp-block-column-is-layout-flow\" style=\"flex-basis:33.33%\">\n<figure class=\"wp-block-image size-large\"><img loading=\"lazy\" decoding=\"async\" width=\"835\" height=\"1024\" src=\"https:\/\/www.la-costa.it\/wp-content\/uploads\/2025\/05\/DSC00265-835x1024.jpg\" alt=\"\" class=\"wp-image-8817\"\/><\/figure>\n<\/div>\n\n\n\n<div class=\"wp-block-column is-layout-flow wp-block-column-is-layout-flow\" style=\"flex-basis:66.66%\">\n<h4 class=\"wp-block-heading\"><strong>Meeting, eventi e cene aziendali<\/strong><\/h4>\n\n\n\n<p class=\"wp-block-paragraph\">Grazie ai suoi spazi versatili, La Costa si presta perfettamente anche come <strong>location per eventi aziendali<\/strong>: dai meeting formativi ai workshop nelle sale della nostra cascina, alle cene aziendali presso il Ristorante, specialmente durante le festivit\u00e0 o per celebrare traguardi importanti.<\/p>\n\n\n\n<p class=\"wp-block-paragraph\">La sala eventi pu\u00f2 essere allestita in base alle esigenze specifiche, mentre la cucina del ristorante propone men\u00f9 personalizzati secondo le necessit\u00e0 dell\u2019evento, con piatti stagionali che valorizzano i prodotti del territorio.<\/p>\n<\/div>\n<\/div>\n\n\n\n<p class=\"wp-block-paragraph\"><\/p>\n\n\n\n<p class=\"wp-block-paragraph\">Scegliere La Costa per un evento aziendale significa offrire ai propri collaboratori un&#8217;esperienza fuori dal comune, dove il lavoro si intreccia con il relax della natura del Parco e con l\u2019esperienza autentica della nostra realt\u00e0. \u00c8 un modo per rigenerarsi, stimolare il pensiero creativo e costruire relazioni pi\u00f9 forti.<\/p>\n\n\n\n<p class=\"wp-block-paragraph\">Scopri di pi\u00f9 sui nostri servizi per le aziende e <strong>contattaci per creare insieme un soggiorno o un\u2019attivit\u00e0 su misura per te<\/strong>: info@la-costa.it<\/p>","protected":false},"excerpt":{"rendered":"<p>Team building, attivit\u00e0, soggiorni e cene aziendali nel nostro Agriturismo nella natura, a pochi passi da Monza e Milano<\/p>","protected":false},"author":2,"featured_media":8815,"comment_status":"closed","ping_status":"open","sticky":false,"template":"","format":"standard","meta":{"_acf_changed":false,"_et_pb_use_builder":"","_et_pb_old_content":"","_et_gb_content_width":"","footnotes":""},"categories":[26],"tags":[],"class_list":["post-8814","post","type-post","status-publish","format-standard","has-post-thumbnail","hentry","category-news"],"acf":[],"yoast_head":"<!-- This site is optimized with the Yoast SEO plugin v28.3 - https:\/\/yoast.com\/product\/yoast-seo-wordpress\/ -->\n<title>La Costa per le aziende - La Costa<\/title>\n<meta name=\"description\" content=\"Organizza team building, attivit\u00e0, soggiorni e cene aziendali nel nostro Agriturismo con cantina a Montevecchia, a pochi passi da Monza e Milano\" \/>\n<meta name=\"robots\" content=\"index, follow, max-snippet:-1, max-image-preview:large, max-video-preview:-1\" \/>\n<link rel=\"canonical\" href=\"https:\/\/www.la-costa.it\/en\/eventi-soggiorni-aziendali\/\" \/>\n<meta property=\"og:locale\" content=\"en_US\" \/>\n<meta property=\"og:type\" content=\"article\" \/>\n<meta property=\"og:title\" content=\"La Costa per le aziende - La Costa\" \/>\n<meta property=\"og:description\" content=\"Organizza team building, attivit\u00e0, soggiorni e cene aziendali nel nostro Agriturismo con cantina a Montevecchia, a pochi passi da Monza e Milano\" \/>\n<meta property=\"og:url\" content=\"https:\/\/www.la-costa.it\/en\/eventi-soggiorni-aziendali\/\" \/>\n<meta property=\"og:site_name\" content=\"La Costa\" \/>\n<meta property=\"article:published_time\" content=\"2025-05-30T07:57:16+00:00\" \/>\n<meta property=\"article:modified_time\" content=\"2025-06-18T14:16:00+00:00\" \/>\n<meta property=\"og:image\" content=\"https:\/\/www.la-costa.it\/wp-content\/uploads\/2025\/05\/20210528_CostaAlloggi_GZANON_1500_0999.jpg\" \/>\n\t<meta property=\"og:image:width\" content=\"1500\" \/>\n\t<meta property=\"og:image:height\" content=\"1124\" \/>\n\t<meta property=\"og:image:type\" content=\"image\/jpeg\" \/>\n<meta name=\"author\" content=\"TConnetto\" \/>\n<meta name=\"twitter:card\" content=\"summary_large_image\" \/>\n<meta name=\"twitter:label1\" content=\"Written by\" \/>\n\t<meta name=\"twitter:data1\" content=\"TConnetto\" \/>\n\t<meta name=\"twitter:label2\" content=\"Est. reading time\" \/>\n\t<meta name=\"twitter:data2\" content=\"3 minutes\" \/>\n<script type=\"application\/ld+json\" class=\"yoast-schema-graph\">{\"@context\":\"https:\\\/\\\/schema.org\",\"@graph\":[{\"@type\":\"Article\",\"@id\":\"https:\\\/\\\/www.la-costa.it\\\/eventi-soggiorni-aziendali\\\/#article\",\"isPartOf\":{\"@id\":\"https:\\\/\\\/www.la-costa.it\\\/eventi-soggiorni-aziendali\\\/\"},\"author\":{\"name\":\"TConnetto\",\"@id\":\"https:\\\/\\\/www.la-costa.it\\\/#\\\/schema\\\/person\\\/d7e8492bbc5eedd9757313382fcc8ea7\"},\"headline\":\"La Costa per le aziende\",\"datePublished\":\"2025-05-30T07:57:16+00:00\",\"dateModified\":\"2025-06-18T14:16:00+00:00\",\"mainEntityOfPage\":{\"@id\":\"https:\\\/\\\/www.la-costa.it\\\/eventi-soggiorni-aziendali\\\/\"},\"wordCount\":318,\"publisher\":{\"@id\":\"https:\\\/\\\/www.la-costa.it\\\/#organization\"},\"image\":{\"@id\":\"https:\\\/\\\/www.la-costa.it\\\/eventi-soggiorni-aziendali\\\/#primaryimage\"},\"thumbnailUrl\":\"https:\\\/\\\/www.la-costa.it\\\/wp-content\\\/uploads\\\/2025\\\/05\\\/20210528_CostaAlloggi_GZANON_1500_0999.jpg\",\"articleSection\":[\"News\"],\"inLanguage\":\"en-US\"},{\"@type\":\"WebPage\",\"@id\":\"https:\\\/\\\/www.la-costa.it\\\/eventi-soggiorni-aziendali\\\/\",\"url\":\"https:\\\/\\\/www.la-costa.it\\\/eventi-soggiorni-aziendali\\\/\",\"name\":\"La Costa per le aziende - La Costa\",\"isPartOf\":{\"@id\":\"https:\\\/\\\/www.la-costa.it\\\/#website\"},\"primaryImageOfPage\":{\"@id\":\"https:\\\/\\\/www.la-costa.it\\\/eventi-soggiorni-aziendali\\\/#primaryimage\"},\"image\":{\"@id\":\"https:\\\/\\\/www.la-costa.it\\\/eventi-soggiorni-aziendali\\\/#primaryimage\"},\"thumbnailUrl\":\"https:\\\/\\\/www.la-costa.it\\\/wp-content\\\/uploads\\\/2025\\\/05\\\/20210528_CostaAlloggi_GZANON_1500_0999.jpg\",\"datePublished\":\"2025-05-30T07:57:16+00:00\",\"dateModified\":\"2025-06-18T14:16:00+00:00\",\"description\":\"Organizza team building, attivit\u00e0, soggiorni e cene aziendali nel nostro Agriturismo con cantina a Montevecchia, a pochi passi da Monza e Milano\",\"breadcrumb\":{\"@id\":\"https:\\\/\\\/www.la-costa.it\\\/eventi-soggiorni-aziendali\\\/#breadcrumb\"},\"inLanguage\":\"en-US\",\"potentialAction\":[{\"@type\":\"ReadAction\",\"target\":[\"https:\\\/\\\/www.la-costa.it\\\/eventi-soggiorni-aziendali\\\/\"]}]},{\"@type\":\"ImageObject\",\"inLanguage\":\"en-US\",\"@id\":\"https:\\\/\\\/www.la-costa.it\\\/eventi-soggiorni-aziendali\\\/#primaryimage\",\"url\":\"https:\\\/\\\/www.la-costa.it\\\/wp-content\\\/uploads\\\/2025\\\/05\\\/20210528_CostaAlloggi_GZANON_1500_0999.jpg\",\"contentUrl\":\"https:\\\/\\\/www.la-costa.it\\\/wp-content\\\/uploads\\\/2025\\\/05\\\/20210528_CostaAlloggi_GZANON_1500_0999.jpg\",\"width\":1500,\"height\":1124,\"caption\":\"Photos by: www.gabrielezanon.com\"},{\"@type\":\"BreadcrumbList\",\"@id\":\"https:\\\/\\\/www.la-costa.it\\\/eventi-soggiorni-aziendali\\\/#breadcrumb\",\"itemListElement\":[{\"@type\":\"ListItem\",\"position\":1,\"name\":\"Home\",\"item\":\"https:\\\/\\\/www.la-costa.it\\\/\"},{\"@type\":\"ListItem\",\"position\":2,\"name\":\"La Costa per le aziende\"}]},{\"@type\":\"WebSite\",\"@id\":\"https:\\\/\\\/www.la-costa.it\\\/#website\",\"url\":\"https:\\\/\\\/www.la-costa.it\\\/\",\"name\":\"La Costa\",\"description\":\"Il vino, il cibo, l&#039;ospitalit\u00e0 e il territorio\",\"publisher\":{\"@id\":\"https:\\\/\\\/www.la-costa.it\\\/#organization\"},\"potentialAction\":[{\"@type\":\"SearchAction\",\"target\":{\"@type\":\"EntryPoint\",\"urlTemplate\":\"https:\\\/\\\/www.la-costa.it\\\/?s={search_term_string}\"},\"query-input\":{\"@type\":\"PropertyValueSpecification\",\"valueRequired\":true,\"valueName\":\"search_term_string\"}}],\"inLanguage\":\"en-US\"},{\"@type\":\"Organization\",\"@id\":\"https:\\\/\\\/www.la-costa.it\\\/#organization\",\"name\":\"La Costa\",\"url\":\"https:\\\/\\\/www.la-costa.it\\\/\",\"logo\":{\"@type\":\"ImageObject\",\"inLanguage\":\"en-US\",\"@id\":\"https:\\\/\\\/www.la-costa.it\\\/#\\\/schema\\\/logo\\\/image\\\/\",\"url\":\"https:\\\/\\\/www.la-costa.it\\\/wp-content\\\/uploads\\\/2024\\\/07\\\/logo-la-costa-30anni.png\",\"contentUrl\":\"https:\\\/\\\/www.la-costa.it\\\/wp-content\\\/uploads\\\/2024\\\/07\\\/logo-la-costa-30anni.png\",\"width\":479,\"height\":450,\"caption\":\"La Costa\"},\"image\":{\"@id\":\"https:\\\/\\\/www.la-costa.it\\\/#\\\/schema\\\/logo\\\/image\\\/\"}},{\"@type\":\"Person\",\"@id\":\"https:\\\/\\\/www.la-costa.it\\\/#\\\/schema\\\/person\\\/d7e8492bbc5eedd9757313382fcc8ea7\",\"name\":\"TConnetto\",\"image\":{\"@type\":\"ImageObject\",\"inLanguage\":\"en-US\",\"@id\":\"https:\\\/\\\/secure.gravatar.com\\\/avatar\\\/eff88748e58d9931ae51ae3719e62115b54b4e725576d6740bc0bbb319ad2754?s=96&d=mm&r=g\",\"url\":\"https:\\\/\\\/secure.gravatar.com\\\/avatar\\\/eff88748e58d9931ae51ae3719e62115b54b4e725576d6740bc0bbb319ad2754?s=96&d=mm&r=g\",\"contentUrl\":\"https:\\\/\\\/secure.gravatar.com\\\/avatar\\\/eff88748e58d9931ae51ae3719e62115b54b4e725576d6740bc0bbb319ad2754?s=96&d=mm&r=g\",\"caption\":\"TConnetto\"},\"url\":\"https:\\\/\\\/www.la-costa.it\\\/en\\\/author\\\/tconnetto_costaadm\\\/\"}]}<\/script>\n<!-- \/ Yoast SEO plugin. -->","yoast_head_json":{"title":"La Costa per le aziende - La Costa","description":"Organizza team building, attivit\u00e0, soggiorni e cene aziendali nel nostro Agriturismo con cantina a Montevecchia, a pochi passi da Monza e Milano","robots":{"index":"index","follow":"follow","max-snippet":"max-snippet:-1","max-image-preview":"max-image-preview:large","max-video-preview":"max-video-preview:-1"},"canonical":"https:\/\/www.la-costa.it\/en\/eventi-soggiorni-aziendali\/","og_locale":"en_US","og_type":"article","og_title":"La Costa per le aziende - La Costa","og_description":"Organizza team building, attivit\u00e0, soggiorni e cene aziendali nel nostro Agriturismo con cantina a Montevecchia, a pochi passi da Monza e Milano","og_url":"https:\/\/www.la-costa.it\/en\/eventi-soggiorni-aziendali\/","og_site_name":"La Costa","article_published_time":"2025-05-30T07:57:16+00:00","article_modified_time":"2025-06-18T14:16:00+00:00","og_image":[{"width":1500,"height":1124,"url":"https:\/\/www.la-costa.it\/wp-content\/uploads\/2025\/05\/20210528_CostaAlloggi_GZANON_1500_0999.jpg","type":"image\/jpeg"}],"author":"TConnetto","twitter_card":"summary_large_image","twitter_misc":{"Written by":"TConnetto","Est. reading time":"3 minutes"},"schema":{"@context":"https:\/\/schema.org","@graph":[{"@type":"Article","@id":"https:\/\/www.la-costa.it\/eventi-soggiorni-aziendali\/#article","isPartOf":{"@id":"https:\/\/www.la-costa.it\/eventi-soggiorni-aziendali\/"},"author":{"name":"TConnetto","@id":"https:\/\/www.la-costa.it\/#\/schema\/person\/d7e8492bbc5eedd9757313382fcc8ea7"},"headline":"La Costa per le aziende","datePublished":"2025-05-30T07:57:16+00:00","dateModified":"2025-06-18T14:16:00+00:00","mainEntityOfPage":{"@id":"https:\/\/www.la-costa.it\/eventi-soggiorni-aziendali\/"},"wordCount":318,"publisher":{"@id":"https:\/\/www.la-costa.it\/#organization"},"image":{"@id":"https:\/\/www.la-costa.it\/eventi-soggiorni-aziendali\/#primaryimage"},"thumbnailUrl":"https:\/\/www.la-costa.it\/wp-content\/uploads\/2025\/05\/20210528_CostaAlloggi_GZANON_1500_0999.jpg","articleSection":["News"],"inLanguage":"en-US"},{"@type":"WebPage","@id":"https:\/\/www.la-costa.it\/eventi-soggiorni-aziendali\/","url":"https:\/\/www.la-costa.it\/eventi-soggiorni-aziendali\/","name":"La Costa per le aziende - La Costa","isPartOf":{"@id":"https:\/\/www.la-costa.it\/#website"},"primaryImageOfPage":{"@id":"https:\/\/www.la-costa.it\/eventi-soggiorni-aziendali\/#primaryimage"},"image":{"@id":"https:\/\/www.la-costa.it\/eventi-soggiorni-aziendali\/#primaryimage"},"thumbnailUrl":"https:\/\/www.la-costa.it\/wp-content\/uploads\/2025\/05\/20210528_CostaAlloggi_GZANON_1500_0999.jpg","datePublished":"2025-05-30T07:57:16+00:00","dateModified":"2025-06-18T14:16:00+00:00","description":"Organizza team building, attivit\u00e0, soggiorni e cene aziendali nel nostro Agriturismo con cantina a Montevecchia, a pochi passi da Monza e Milano","breadcrumb":{"@id":"https:\/\/www.la-costa.it\/eventi-soggiorni-aziendali\/#breadcrumb"},"inLanguage":"en-US","potentialAction":[{"@type":"ReadAction","target":["https:\/\/www.la-costa.it\/eventi-soggiorni-aziendali\/"]}]},{"@type":"ImageObject","inLanguage":"en-US","@id":"https:\/\/www.la-costa.it\/eventi-soggiorni-aziendali\/#primaryimage","url":"https:\/\/www.la-costa.it\/wp-content\/uploads\/2025\/05\/20210528_CostaAlloggi_GZANON_1500_0999.jpg","contentUrl":"https:\/\/www.la-costa.it\/wp-content\/uploads\/2025\/05\/20210528_CostaAlloggi_GZANON_1500_0999.jpg","width":1500,"height":1124,"caption":"Photos by: www.gabrielezanon.com"},{"@type":"BreadcrumbList","@id":"https:\/\/www.la-costa.it\/eventi-soggiorni-aziendali\/#breadcrumb","itemListElement":[{"@type":"ListItem","position":1,"name":"Home","item":"https:\/\/www.la-costa.it\/"},{"@type":"ListItem","position":2,"name":"La Costa per le aziende"}]},{"@type":"WebSite","@id":"https:\/\/www.la-costa.it\/#website","url":"https:\/\/www.la-costa.it\/","name":"La Costa","description":"Il vino, il cibo, l&#039;ospitalit\u00e0 e il territorio","publisher":{"@id":"https:\/\/www.la-costa.it\/#organization"},"potentialAction":[{"@type":"SearchAction","target":{"@type":"EntryPoint","urlTemplate":"https:\/\/www.la-costa.it\/?s={search_term_string}"},"query-input":{"@type":"PropertyValueSpecification","valueRequired":true,"valueName":"search_term_string"}}],"inLanguage":"en-US"},{"@type":"Organization","@id":"https:\/\/www.la-costa.it\/#organization","name":"La Costa","url":"https:\/\/www.la-costa.it\/","logo":{"@type":"ImageObject","inLanguage":"en-US","@id":"https:\/\/www.la-costa.it\/#\/schema\/logo\/image\/","url":"https:\/\/www.la-costa.it\/wp-content\/uploads\/2024\/07\/logo-la-costa-30anni.png","contentUrl":"https:\/\/www.la-costa.it\/wp-content\/uploads\/2024\/07\/logo-la-costa-30anni.png","width":479,"height":450,"caption":"La Costa"},"image":{"@id":"https:\/\/www.la-costa.it\/#\/schema\/logo\/image\/"}},{"@type":"Person","@id":"https:\/\/www.la-costa.it\/#\/schema\/person\/d7e8492bbc5eedd9757313382fcc8ea7","name":"TConnetto","image":{"@type":"ImageObject","inLanguage":"en-US","@id":"https:\/\/secure.gravatar.com\/avatar\/eff88748e58d9931ae51ae3719e62115b54b4e725576d6740bc0bbb319ad2754?s=96&d=mm&r=g","url":"https:\/\/secure.gravatar.com\/avatar\/eff88748e58d9931ae51ae3719e62115b54b4e725576d6740bc0bbb319ad2754?s=96&d=mm&r=g","contentUrl":"https:\/\/secure.gravatar.com\/avatar\/eff88748e58d9931ae51ae3719e62115b54b4e725576d6740bc0bbb319ad2754?s=96&d=mm&r=g","caption":"TConnetto"},"url":"https:\/\/www.la-costa.it\/en\/author\/tconnetto_costaadm\/"}]}},"_links":{"self":[{"href":"https:\/\/www.la-costa.it\/en\/wp-json\/wp\/v2\/posts\/8814","targetHints":{"allow":["GET"]}}],"collection":[{"href":"https:\/\/www.la-costa.it\/en\/wp-json\/wp\/v2\/posts"}],"about":[{"href":"https:\/\/www.la-costa.it\/en\/wp-json\/wp\/v2\/types\/post"}],"author":[{"embeddable":true,"href":"https:\/\/www.la-costa.it\/en\/wp-json\/wp\/v2\/users\/2"}],"replies":[{"embeddable":true,"href":"https:\/\/www.la-costa.it\/en\/wp-json\/wp\/v2\/comments?post=8814"}],"version-history":[{"count":2,"href":"https:\/\/www.la-costa.it\/en\/wp-json\/wp\/v2\/posts\/8814\/revisions"}],"predecessor-version":[{"id":8819,"href":"https:\/\/www.la-costa.it\/en\/wp-json\/wp\/v2\/posts\/8814\/revisions\/8819"}],"wp:featuredmedia":[{"embeddable":true,"href":"https:\/\/www.la-costa.it\/en\/wp-json\/wp\/v2\/media\/8815"}],"wp:attachment":[{"href":"https:\/\/www.la-costa.it\/en\/wp-json\/wp\/v2\/media?parent=8814"}],"wp:term":[{"taxonomy":"category","embeddable":true,"href":"https:\/\/www.la-costa.it\/en\/wp-json\/wp\/v2\/categories?post=8814"},{"taxonomy":"post_tag","embeddable":true,"href":"https:\/\/www.la-costa.it\/en\/wp-json\/wp\/v2\/tags?post=8814"}],"curies":[{"name":"wp","href":"https:\/\/api.w.org\/{rel}","templated":true}]}}