{"id":4955,"date":"2016-04-15T08:12:56","date_gmt":"2016-04-15T08:12:56","guid":{"rendered":"https:\/\/lacostaold.keen-diffie.35-156-199-233.plesk.page\/?p=1959"},"modified":"2025-06-09T14:05:39","modified_gmt":"2025-06-09T14:05:39","slug":"ligt-terre-lariane-riportato-a-nuova-vita-a-un-vitigno-storico","status":"publish","type":"post","link":"https:\/\/www.la-costa.it\/en\/ligt-terre-lariane-riportato-a-nuova-vita-a-un-vitigno-storico\/","title":{"rendered":"L\u2019Igt Terre lariane. Riportato a nuova vita a un vitigno storico"},"content":{"rendered":"<header>\n<div class=\"intro\">\n<p style=\"text-align: justify\"><em>A Vinitaly i nuovi progetti dei produttori lecchesi, il Verdese era quasi scomparso: piantate duemila viti<\/em><\/p>\n<\/div>\n<\/header>\n<p style=\"text-align: justify\">Alla 50\u00b0 edizione di Vinitaly, che si terr\u00e0 a Verona da domenica 10 a mercoled\u00ec 13, ci sar\u00e0 anche il Consorzio Igt Terre Lariane, presieduto da Claudia Crippa delle Cantine La Costa di Montevecchia.<\/p>\n<p style=\"text-align: justify\">Un riconoscimento ulteriore al grande lavoro che i viticultori lariani stanno facendo e che ha avuto una sorta di imprimatur nella conferenza stampa tenutasi nella sede di Regione Lombardia alla presenza di Gianni Fava, assessore regionale all\u2019Agricoltura, Giandomenico Auricchio, presidente di Unioncamere Lombardia e Maurizio Danese, presidente di Veronafiere. Accanto a loro sono intervenute tre donne lombarde del vino: Diletta Cavalleri, dell\u2019azienda agricola Cavalleri in Franciacorta, Cristina Cerri, dell\u2019azienda agricola Travaglino, in Oltrepo e, appunto, Claudia Crippa. A rappresentare la nostra regione nel padiglione Lombardia, predisposto da quasi 20 anni da Unioncamere, vi saranno circa 200 produttori riuniti in consorzi, con mille etichette in degustazione.<\/p>\n<p style=\"text-align: justify\">Per la precisione, nel padiglione Lombardia troveremo i seguenti produttori: Capriano del Colle, Consorzio Terre Lariane, i Vini mantovani, San Colombano al Lambro, Oltrepo, Valtellina (che punta sulla biodiversit\u00e0), Moscato di Scanzo (la pi\u00f9 piccola Docg d\u2019Italia), Valcalepio, Franciacorta, Lugana, Valtenesi. Novit\u00e0 di quest\u2019anno saranno le grandi sale di degustazione dedicate ai buyers stranieri per migliorare e aumentare contatti e scambi business to business.<\/p>\n<p style=\"text-align: justify\">Abbiamo chiesto a Claudia Crippa qual \u00e8 oggi la realt\u00e0 del Consorzio Igt Terre Lariane: \u00abIl Consorzio raggruppa 18 aziende, ma con potenzialit\u00e0 di sviluppo notevoli e con un forte orientamento alla qualit\u00e0. Gi\u00e0 oggi la produzione delle uve viene effettuata quasi solo con modalit\u00e0 biologiche o di lotta integrata. I vini prodotti sono bianchi e rossi. In sintesi, nelle due province di Lecco e Como, sono state individuate tre zone produttive: l\u2019area del Ceresio, quella di Domaso e quella di Montevecchia\u00bb.<\/p>\n<p style=\"text-align: justify\">La novit\u00e0 di questo periodo sta nel recupero di un vitigno storico come il Verdese che era quasi scomparso. \u00abDopo cinque anni di sperimentazioni e prove sul campo, pianteremo quest\u2019anno 2000 piante di Verdese e questo non avverr\u00e0 solo sull\u2019Alto lago ma anche in Brianza e a Rossino. Un esperimento molto interessante che rappresenta una vera novit\u00e0. Le prime bottiglie arriveranno fra quattro anni, ma il processo \u00e8 iniziato e le aspettative sono alte\u00bb.<\/p>\n<p style=\"text-align: justify\">Alla 50\u00b0 edizione di Vinitaly ci saranno le nuove annate del Consorzio Igt Terre Lariane ed in particolare La Costa presenter\u00e0 il suo \u201cVino del \u201814\u201d, che \u00e8 un interessante esperimento: \u00abVista la criticit\u00e0 dell\u2019annata 2014 abbiamo pensato di raccogliere il meglio delle uve Pinot Nero, Syrah e Merlot in questo \u201cVino del \u201814\u201d che avr\u00e0 anche una tiratura limitata\u00bb.<\/p>","protected":false},"excerpt":{"rendered":"<p>L\u2019Igt Terre lariane. Riportato a nuova vita a un vitigno storico<\/p>","protected":false},"author":3,"featured_media":7494,"comment_status":"closed","ping_status":"closed","sticky":false,"template":"","format":"standard","meta":{"_acf_changed":false,"_et_pb_use_builder":"","_et_pb_old_content":"","_et_gb_content_width":"","footnotes":""},"categories":[27],"tags":[],"class_list":["post-4955","post","type-post","status-publish","format-standard","has-post-thumbnail","hentry","category-dicono-di-noi"],"acf":[],"yoast_head":"<!-- This site is optimized with the Yoast SEO plugin v28.3 - https:\/\/yoast.com\/product\/yoast-seo-wordpress\/ -->\n<title>L\u2019Igt Terre lariane. Riportato a nuova vita a un vitigno storico - La Costa<\/title>\n<meta name=\"robots\" content=\"index, follow, max-snippet:-1, max-image-preview:large, max-video-preview:-1\" \/>\n<link rel=\"canonical\" href=\"https:\/\/www.la-costa.it\/en\/ligt-terre-lariane-riportato-a-nuova-vita-a-un-vitigno-storico\/\" \/>\n<meta property=\"og:locale\" content=\"en_US\" \/>\n<meta property=\"og:type\" content=\"article\" \/>\n<meta property=\"og:title\" content=\"L\u2019Igt Terre lariane. Riportato a nuova vita a un vitigno storico - La Costa\" \/>\n<meta property=\"og:description\" content=\"L\u2019Igt Terre lariane. Riportato a nuova vita a un vitigno storico\" \/>\n<meta property=\"og:url\" content=\"https:\/\/www.la-costa.it\/en\/ligt-terre-lariane-riportato-a-nuova-vita-a-un-vitigno-storico\/\" \/>\n<meta property=\"og:site_name\" content=\"La Costa\" \/>\n<meta property=\"article:published_time\" content=\"2016-04-15T08:12:56+00:00\" \/>\n<meta property=\"article:modified_time\" content=\"2025-06-09T14:05:39+00:00\" \/>\n<meta property=\"og:image\" content=\"https:\/\/www.la-costa.it\/wp-content\/uploads\/2016\/04\/x-1.jpg\" \/>\n\t<meta property=\"og:image:width\" content=\"998\" \/>\n\t<meta property=\"og:image:height\" content=\"397\" \/>\n\t<meta property=\"og:image:type\" content=\"image\/jpeg\" \/>\n<meta name=\"author\" content=\"La Costa\" \/>\n<meta name=\"twitter:card\" content=\"summary_large_image\" \/>\n<meta name=\"twitter:label1\" content=\"Written by\" \/>\n\t<meta name=\"twitter:data1\" content=\"La Costa\" \/>\n\t<meta name=\"twitter:label2\" content=\"Est. reading time\" \/>\n\t<meta name=\"twitter:data2\" content=\"3 minutes\" \/>\n<script type=\"application\/ld+json\" class=\"yoast-schema-graph\">{\"@context\":\"https:\\\/\\\/schema.org\",\"@graph\":[{\"@type\":\"Article\",\"@id\":\"https:\\\/\\\/www.la-costa.it\\\/ligt-terre-lariane-riportato-a-nuova-vita-a-un-vitigno-storico\\\/#article\",\"isPartOf\":{\"@id\":\"https:\\\/\\\/www.la-costa.it\\\/ligt-terre-lariane-riportato-a-nuova-vita-a-un-vitigno-storico\\\/\"},\"author\":{\"name\":\"La Costa\",\"@id\":\"https:\\\/\\\/www.la-costa.it\\\/#\\\/schema\\\/person\\\/0c266a8495dea10d5b09739e92e5a20d\"},\"headline\":\"L\u2019Igt Terre lariane. Riportato a nuova vita a un vitigno storico\",\"datePublished\":\"2016-04-15T08:12:56+00:00\",\"dateModified\":\"2025-06-09T14:05:39+00:00\",\"mainEntityOfPage\":{\"@id\":\"https:\\\/\\\/www.la-costa.it\\\/ligt-terre-lariane-riportato-a-nuova-vita-a-un-vitigno-storico\\\/\"},\"wordCount\":442,\"publisher\":{\"@id\":\"https:\\\/\\\/www.la-costa.it\\\/#organization\"},\"image\":{\"@id\":\"https:\\\/\\\/www.la-costa.it\\\/ligt-terre-lariane-riportato-a-nuova-vita-a-un-vitigno-storico\\\/#primaryimage\"},\"thumbnailUrl\":\"https:\\\/\\\/www.la-costa.it\\\/wp-content\\\/uploads\\\/2016\\\/04\\\/x-1.jpg\",\"articleSection\":[\"Dicono di noi\"],\"inLanguage\":\"en-US\"},{\"@type\":\"WebPage\",\"@id\":\"https:\\\/\\\/www.la-costa.it\\\/ligt-terre-lariane-riportato-a-nuova-vita-a-un-vitigno-storico\\\/\",\"url\":\"https:\\\/\\\/www.la-costa.it\\\/ligt-terre-lariane-riportato-a-nuova-vita-a-un-vitigno-storico\\\/\",\"name\":\"L\u2019Igt Terre lariane. Riportato a nuova vita a un vitigno storico - La Costa\",\"isPartOf\":{\"@id\":\"https:\\\/\\\/www.la-costa.it\\\/#website\"},\"primaryImageOfPage\":{\"@id\":\"https:\\\/\\\/www.la-costa.it\\\/ligt-terre-lariane-riportato-a-nuova-vita-a-un-vitigno-storico\\\/#primaryimage\"},\"image\":{\"@id\":\"https:\\\/\\\/www.la-costa.it\\\/ligt-terre-lariane-riportato-a-nuova-vita-a-un-vitigno-storico\\\/#primaryimage\"},\"thumbnailUrl\":\"https:\\\/\\\/www.la-costa.it\\\/wp-content\\\/uploads\\\/2016\\\/04\\\/x-1.jpg\",\"datePublished\":\"2016-04-15T08:12:56+00:00\",\"dateModified\":\"2025-06-09T14:05:39+00:00\",\"breadcrumb\":{\"@id\":\"https:\\\/\\\/www.la-costa.it\\\/ligt-terre-lariane-riportato-a-nuova-vita-a-un-vitigno-storico\\\/#breadcrumb\"},\"inLanguage\":\"en-US\",\"potentialAction\":[{\"@type\":\"ReadAction\",\"target\":[\"https:\\\/\\\/www.la-costa.it\\\/ligt-terre-lariane-riportato-a-nuova-vita-a-un-vitigno-storico\\\/\"]}]},{\"@type\":\"ImageObject\",\"inLanguage\":\"en-US\",\"@id\":\"https:\\\/\\\/www.la-costa.it\\\/ligt-terre-lariane-riportato-a-nuova-vita-a-un-vitigno-storico\\\/#primaryimage\",\"url\":\"https:\\\/\\\/www.la-costa.it\\\/wp-content\\\/uploads\\\/2016\\\/04\\\/x-1.jpg\",\"contentUrl\":\"https:\\\/\\\/www.la-costa.it\\\/wp-content\\\/uploads\\\/2016\\\/04\\\/x-1.jpg\",\"width\":998,\"height\":397},{\"@type\":\"BreadcrumbList\",\"@id\":\"https:\\\/\\\/www.la-costa.it\\\/ligt-terre-lariane-riportato-a-nuova-vita-a-un-vitigno-storico\\\/#breadcrumb\",\"itemListElement\":[{\"@type\":\"ListItem\",\"position\":1,\"name\":\"Home\",\"item\":\"https:\\\/\\\/www.la-costa.it\\\/\"},{\"@type\":\"ListItem\",\"position\":2,\"name\":\"L\u2019Igt Terre lariane. Riportato a nuova vita a un vitigno storico\"}]},{\"@type\":\"WebSite\",\"@id\":\"https:\\\/\\\/www.la-costa.it\\\/#website\",\"url\":\"https:\\\/\\\/www.la-costa.it\\\/\",\"name\":\"La Costa\",\"description\":\"Il vino, il cibo, l&#039;ospitalit\u00e0 e il territorio\",\"publisher\":{\"@id\":\"https:\\\/\\\/www.la-costa.it\\\/#organization\"},\"potentialAction\":[{\"@type\":\"SearchAction\",\"target\":{\"@type\":\"EntryPoint\",\"urlTemplate\":\"https:\\\/\\\/www.la-costa.it\\\/?s={search_term_string}\"},\"query-input\":{\"@type\":\"PropertyValueSpecification\",\"valueRequired\":true,\"valueName\":\"search_term_string\"}}],\"inLanguage\":\"en-US\"},{\"@type\":\"Organization\",\"@id\":\"https:\\\/\\\/www.la-costa.it\\\/#organization\",\"name\":\"La Costa\",\"url\":\"https:\\\/\\\/www.la-costa.it\\\/\",\"logo\":{\"@type\":\"ImageObject\",\"inLanguage\":\"en-US\",\"@id\":\"https:\\\/\\\/www.la-costa.it\\\/#\\\/schema\\\/logo\\\/image\\\/\",\"url\":\"https:\\\/\\\/www.la-costa.it\\\/wp-content\\\/uploads\\\/2024\\\/07\\\/logo-la-costa-30anni.png\",\"contentUrl\":\"https:\\\/\\\/www.la-costa.it\\\/wp-content\\\/uploads\\\/2024\\\/07\\\/logo-la-costa-30anni.png\",\"width\":479,\"height\":450,\"caption\":\"La Costa\"},\"image\":{\"@id\":\"https:\\\/\\\/www.la-costa.it\\\/#\\\/schema\\\/logo\\\/image\\\/\"}},{\"@type\":\"Person\",\"@id\":\"https:\\\/\\\/www.la-costa.it\\\/#\\\/schema\\\/person\\\/0c266a8495dea10d5b09739e92e5a20d\",\"name\":\"La Costa\",\"image\":{\"@type\":\"ImageObject\",\"inLanguage\":\"en-US\",\"@id\":\"https:\\\/\\\/secure.gravatar.com\\\/avatar\\\/3ff6e9759cc280c224000b24a43cd062b838439b87c7bbea05b477161e97012c?s=96&d=mm&r=g\",\"url\":\"https:\\\/\\\/secure.gravatar.com\\\/avatar\\\/3ff6e9759cc280c224000b24a43cd062b838439b87c7bbea05b477161e97012c?s=96&d=mm&r=g\",\"contentUrl\":\"https:\\\/\\\/secure.gravatar.com\\\/avatar\\\/3ff6e9759cc280c224000b24a43cd062b838439b87c7bbea05b477161e97012c?s=96&d=mm&r=g\",\"caption\":\"La Costa\"},\"url\":\"https:\\\/\\\/www.la-costa.it\\\/en\\\/author\\\/lacosta_user\\\/\"}]}<\/script>\n<!-- \/ Yoast SEO plugin. -->","yoast_head_json":{"title":"L\u2019Igt Terre lariane. Riportato a nuova vita a un vitigno storico - La Costa","robots":{"index":"index","follow":"follow","max-snippet":"max-snippet:-1","max-image-preview":"max-image-preview:large","max-video-preview":"max-video-preview:-1"},"canonical":"https:\/\/www.la-costa.it\/en\/ligt-terre-lariane-riportato-a-nuova-vita-a-un-vitigno-storico\/","og_locale":"en_US","og_type":"article","og_title":"L\u2019Igt Terre lariane. Riportato a nuova vita a un vitigno storico - La Costa","og_description":"L\u2019Igt Terre lariane. Riportato a nuova vita a un vitigno storico","og_url":"https:\/\/www.la-costa.it\/en\/ligt-terre-lariane-riportato-a-nuova-vita-a-un-vitigno-storico\/","og_site_name":"La Costa","article_published_time":"2016-04-15T08:12:56+00:00","article_modified_time":"2025-06-09T14:05:39+00:00","og_image":[{"width":998,"height":397,"url":"https:\/\/www.la-costa.it\/wp-content\/uploads\/2016\/04\/x-1.jpg","type":"image\/jpeg"}],"author":"La Costa","twitter_card":"summary_large_image","twitter_misc":{"Written by":"La Costa","Est. reading time":"3 minutes"},"schema":{"@context":"https:\/\/schema.org","@graph":[{"@type":"Article","@id":"https:\/\/www.la-costa.it\/ligt-terre-lariane-riportato-a-nuova-vita-a-un-vitigno-storico\/#article","isPartOf":{"@id":"https:\/\/www.la-costa.it\/ligt-terre-lariane-riportato-a-nuova-vita-a-un-vitigno-storico\/"},"author":{"name":"La Costa","@id":"https:\/\/www.la-costa.it\/#\/schema\/person\/0c266a8495dea10d5b09739e92e5a20d"},"headline":"L\u2019Igt Terre lariane. Riportato a nuova vita a un vitigno storico","datePublished":"2016-04-15T08:12:56+00:00","dateModified":"2025-06-09T14:05:39+00:00","mainEntityOfPage":{"@id":"https:\/\/www.la-costa.it\/ligt-terre-lariane-riportato-a-nuova-vita-a-un-vitigno-storico\/"},"wordCount":442,"publisher":{"@id":"https:\/\/www.la-costa.it\/#organization"},"image":{"@id":"https:\/\/www.la-costa.it\/ligt-terre-lariane-riportato-a-nuova-vita-a-un-vitigno-storico\/#primaryimage"},"thumbnailUrl":"https:\/\/www.la-costa.it\/wp-content\/uploads\/2016\/04\/x-1.jpg","articleSection":["Dicono di noi"],"inLanguage":"en-US"},{"@type":"WebPage","@id":"https:\/\/www.la-costa.it\/ligt-terre-lariane-riportato-a-nuova-vita-a-un-vitigno-storico\/","url":"https:\/\/www.la-costa.it\/ligt-terre-lariane-riportato-a-nuova-vita-a-un-vitigno-storico\/","name":"L\u2019Igt Terre lariane. Riportato a nuova vita a un vitigno storico - La Costa","isPartOf":{"@id":"https:\/\/www.la-costa.it\/#website"},"primaryImageOfPage":{"@id":"https:\/\/www.la-costa.it\/ligt-terre-lariane-riportato-a-nuova-vita-a-un-vitigno-storico\/#primaryimage"},"image":{"@id":"https:\/\/www.la-costa.it\/ligt-terre-lariane-riportato-a-nuova-vita-a-un-vitigno-storico\/#primaryimage"},"thumbnailUrl":"https:\/\/www.la-costa.it\/wp-content\/uploads\/2016\/04\/x-1.jpg","datePublished":"2016-04-15T08:12:56+00:00","dateModified":"2025-06-09T14:05:39+00:00","breadcrumb":{"@id":"https:\/\/www.la-costa.it\/ligt-terre-lariane-riportato-a-nuova-vita-a-un-vitigno-storico\/#breadcrumb"},"inLanguage":"en-US","potentialAction":[{"@type":"ReadAction","target":["https:\/\/www.la-costa.it\/ligt-terre-lariane-riportato-a-nuova-vita-a-un-vitigno-storico\/"]}]},{"@type":"ImageObject","inLanguage":"en-US","@id":"https:\/\/www.la-costa.it\/ligt-terre-lariane-riportato-a-nuova-vita-a-un-vitigno-storico\/#primaryimage","url":"https:\/\/www.la-costa.it\/wp-content\/uploads\/2016\/04\/x-1.jpg","contentUrl":"https:\/\/www.la-costa.it\/wp-content\/uploads\/2016\/04\/x-1.jpg","width":998,"height":397},{"@type":"BreadcrumbList","@id":"https:\/\/www.la-costa.it\/ligt-terre-lariane-riportato-a-nuova-vita-a-un-vitigno-storico\/#breadcrumb","itemListElement":[{"@type":"ListItem","position":1,"name":"Home","item":"https:\/\/www.la-costa.it\/"},{"@type":"ListItem","position":2,"name":"L\u2019Igt Terre lariane. Riportato a nuova vita a un vitigno storico"}]},{"@type":"WebSite","@id":"https:\/\/www.la-costa.it\/#website","url":"https:\/\/www.la-costa.it\/","name":"La Costa","description":"Il vino, il cibo, l&#039;ospitalit\u00e0 e il territorio","publisher":{"@id":"https:\/\/www.la-costa.it\/#organization"},"potentialAction":[{"@type":"SearchAction","target":{"@type":"EntryPoint","urlTemplate":"https:\/\/www.la-costa.it\/?s={search_term_string}"},"query-input":{"@type":"PropertyValueSpecification","valueRequired":true,"valueName":"search_term_string"}}],"inLanguage":"en-US"},{"@type":"Organization","@id":"https:\/\/www.la-costa.it\/#organization","name":"La Costa","url":"https:\/\/www.la-costa.it\/","logo":{"@type":"ImageObject","inLanguage":"en-US","@id":"https:\/\/www.la-costa.it\/#\/schema\/logo\/image\/","url":"https:\/\/www.la-costa.it\/wp-content\/uploads\/2024\/07\/logo-la-costa-30anni.png","contentUrl":"https:\/\/www.la-costa.it\/wp-content\/uploads\/2024\/07\/logo-la-costa-30anni.png","width":479,"height":450,"caption":"La Costa"},"image":{"@id":"https:\/\/www.la-costa.it\/#\/schema\/logo\/image\/"}},{"@type":"Person","@id":"https:\/\/www.la-costa.it\/#\/schema\/person\/0c266a8495dea10d5b09739e92e5a20d","name":"La Costa","image":{"@type":"ImageObject","inLanguage":"en-US","@id":"https:\/\/secure.gravatar.com\/avatar\/3ff6e9759cc280c224000b24a43cd062b838439b87c7bbea05b477161e97012c?s=96&d=mm&r=g","url":"https:\/\/secure.gravatar.com\/avatar\/3ff6e9759cc280c224000b24a43cd062b838439b87c7bbea05b477161e97012c?s=96&d=mm&r=g","contentUrl":"https:\/\/secure.gravatar.com\/avatar\/3ff6e9759cc280c224000b24a43cd062b838439b87c7bbea05b477161e97012c?s=96&d=mm&r=g","caption":"La Costa"},"url":"https:\/\/www.la-costa.it\/en\/author\/lacosta_user\/"}]}},"_links":{"self":[{"href":"https:\/\/www.la-costa.it\/en\/wp-json\/wp\/v2\/posts\/4955","targetHints":{"allow":["GET"]}}],"collection":[{"href":"https:\/\/www.la-costa.it\/en\/wp-json\/wp\/v2\/posts"}],"about":[{"href":"https:\/\/www.la-costa.it\/en\/wp-json\/wp\/v2\/types\/post"}],"author":[{"embeddable":true,"href":"https:\/\/www.la-costa.it\/en\/wp-json\/wp\/v2\/users\/3"}],"replies":[{"embeddable":true,"href":"https:\/\/www.la-costa.it\/en\/wp-json\/wp\/v2\/comments?post=4955"}],"version-history":[{"count":2,"href":"https:\/\/www.la-costa.it\/en\/wp-json\/wp\/v2\/posts\/4955\/revisions"}],"predecessor-version":[{"id":8436,"href":"https:\/\/www.la-costa.it\/en\/wp-json\/wp\/v2\/posts\/4955\/revisions\/8436"}],"wp:featuredmedia":[{"embeddable":true,"href":"https:\/\/www.la-costa.it\/en\/wp-json\/wp\/v2\/media\/7494"}],"wp:attachment":[{"href":"https:\/\/www.la-costa.it\/en\/wp-json\/wp\/v2\/media?parent=4955"}],"wp:term":[{"taxonomy":"category","embeddable":true,"href":"https:\/\/www.la-costa.it\/en\/wp-json\/wp\/v2\/categories?post=4955"},{"taxonomy":"post_tag","embeddable":true,"href":"https:\/\/www.la-costa.it\/en\/wp-json\/wp\/v2\/tags?post=4955"}],"curies":[{"name":"wp","href":"https:\/\/api.w.org\/{rel}","templated":true}]}}